{"id":996,"date":"2013-08-06T12:58:03","date_gmt":"2013-08-06T11:58:03","guid":{"rendered":"http:\/\/www.katzen.de\/blog\/?p=996"},"modified":"2014-12-04T19:23:55","modified_gmt":"2014-12-04T18:23:55","slug":"katzen-cafes-liegen-im-trend","status":"publish","type":"post","link":"https:\/\/www.katzen.de\/magazin\/katzen-cafes-liegen-im-trend\/","title":{"rendered":"Katzen-Caf\u00e9s liegen im Trend"},"content":{"rendered":"<p>Ach, wie sch\u00f6n w\u00e4re es, in Paris oder Wien zu leben, denn dort k\u00f6nnen Katzenliebhaber in eigens f\u00fcr sie eingerichteten Caf\u00e9s Platz nehmen. W\u00e4hrend das Bistro in der \u00f6sterreichischen Hauptstadt bereits seit 2012 existiert, wird das Caf\u00e9 an der Seine laut dem Nachrichtenmagazin \u201eFocus\u201c ab September seine Pforten \u00f6ffnen. Ob Cat-o-Latte, Katzochino oder Mietzekaffee mit viel Schaum: Das Konzept haben weder die \u00d6sterreicher noch die Franzosen erfunden, denn in Japan erfreuen sich solche Locations schon seit einigen Jahren gro\u00dfer Beliebtheit.<\/p>\n<p><img decoding=\"async\" class=\"alignright wp-image-1058 size-medium\" src=\"http:\/\/static.katzen.de\/magazin\/wp-content\/uploads\/2013\/08\/1418201_84887482-400x266.jpg\" alt=\"1418201_84887482\" width=\"400\" height=\"266\" srcset=\"https:\/\/www.katzen.de\/magazin\/wp-content\/uploads\/2013\/08\/1418201_84887482-400x266.jpg 400w, https:\/\/www.katzen.de\/magazin\/wp-content\/uploads\/2013\/08\/1418201_84887482-140x94.jpg 140w, https:\/\/www.katzen.de\/magazin\/wp-content\/uploads\/2013\/08\/1418201_84887482.jpg 600w\" sizes=\"(max-width: 400px) 100vw, 400px\" \/>Vor allen Dingen die Gelassenheit und Ruhe, die viele Katzen ausstrahlen, sollen hierbei eine gro\u00dfe Rolle spielen und eine regelrecht therapeutische Wirkung entfalten. Viele Katzen-Liebhaber schw\u00f6ren auf das Schnurren ihrer Liebsten gegen Stress, Angstzust\u00e4nde oder Schlaflosigkeit. Doch nicht alle sind begeistert von dem geplanten Katzen-Caf\u00e9: Die franz\u00f6sische Filmdiva Brigitte Bardot, die bereits 1973 ihre Kinokarriere beendete, um sich ganz dem Tierschutz zu widmen, protestiert laut dem \u201eFocus\u201c mit ihrer Stiftung gegen die Kaffeeh\u00e4user. Nach Meinung des umstrittenen, ehemaligen Sex-Symbols w\u00fcrden die Katzen dadurch zum reinen Objekt herabgew\u00fcrdigt.<\/p>\n<p>Das sehen unsere \u00f6sterreichischen Nachbarn anders, denn das Caf\u00e9 Neko im ersten Wiener Gemeindebezirk bietet bis zu 50 Personen Platz. Die \u201eKaffeehauskatzen\u201c hei\u00dfen Momo, Thomas, Sonia, Moritz und Luca und stammen alle aus dem Wiener Tierschutzhaus. Im Caf\u00e9 Neko haben die ebenso ruhigen wie menschenfreundlichen Tiere ein neues, gem\u00fctliches Zuhause gefunden. Drei Jahre intensive Vorbereitungen haben Inhaber Alexander Th\u00fcr und seine aus Japan stammende Frau Takako Ishimitsu in ihr Konzept investiert. Nicht zuletzt mussten die strengen beh\u00f6rdlichen Auflagen der Stadt Wien erf\u00fcllt werden. \u201eWir mussten Marktamt und Tierschutz unter einen Hut kriegen\u201c, so Ishimitsu gegen\u00fcber dem ORF. Aufgrund der Hygienevorschriften haben die Katzen dann auch keinen Zutritt zur K\u00fcche oder den gelagerten Lebensmitteln.<br \/>\nAuch die Ausstattung des Katzenkaffeehauses wurde bewusst schlicht gehalten. Gro\u00dfe Fliesen lassen sich leicht reinigen und beim Mobiliar verzichtete bewusst auf Stoffe.<\/p>\n<p><img decoding=\"async\" class=\"alignleft wp-image-1059 size-medium\" src=\"http:\/\/static.katzen.de\/magazin\/wp-content\/uploads\/2013\/08\/1395764_51334317-400x266.jpg\" alt=\"1395764_51334317\" width=\"400\" height=\"266\" srcset=\"https:\/\/www.katzen.de\/magazin\/wp-content\/uploads\/2013\/08\/1395764_51334317-400x266.jpg 400w, https:\/\/www.katzen.de\/magazin\/wp-content\/uploads\/2013\/08\/1395764_51334317-140x94.jpg 140w, https:\/\/www.katzen.de\/magazin\/wp-content\/uploads\/2013\/08\/1395764_51334317.jpg 600w\" sizes=\"(max-width: 400px) 100vw, 400px\" \/>Die Liebe zur Katze findet sich in den Details: An den W\u00e4nden h\u00e4ngen Katzenfotos, selbst die Toiletten wurden von den Inhabern mit Katzenskulpturen und \u00e4hnlichem Dekor versehen. Im Mittelpunkt des Caf\u00e9s steht ein Katzenbaum mit Birkenstamm, dessen Plattformen f\u00fcr die tierischen G\u00e4ste als R\u00fcckzugsort gedacht sind, wenn die Vierbeiner keine Lust auf Streicheleinheiten haben. Ein \u201eRuheraum\u201c soll die Katzen zus\u00e4tzlich vor Stress bewahren. Gegen Langeweile gibt es aber auch jede Menge Spielzeug. Ein Paradies f\u00fcr Katzenliebhaber und sicher einen Besuch wert, wenn man die Metropole an der Donau besucht.<\/p>\n","protected":false},"excerpt":{"rendered":"<p>Ach, wie sch\u00f6n w\u00e4re es, in Paris oder Wien zu leben, denn dort k\u00f6nnen Katzenliebhaber in eigens f\u00fcr sie eingerichteten Caf\u00e9s Platz nehmen. W\u00e4hrend das Bistro in der \u00f6sterreichischen Hauptstadt bereits seit 2012 existiert, wird das Caf\u00e9 an der Seine laut dem Nachrichtenmagazin \u201eFocus\u201c ab September seine Pforten \u00f6ffnen. Ob Cat-o-Latte, Katzochino oder Mietzekaffee mit&hellip;<\/p>\n","protected":false},"author":1,"featured_media":1061,"comment_status":"open","ping_status":"open","sticky":false,"template":"","format":"standard","meta":[],"categories":[447],"tags":[456,71,458,457],"_links":{"self":[{"href":"https:\/\/www.katzen.de\/magazin\/wp-json\/wp\/v2\/posts\/996"}],"collection":[{"href":"https:\/\/www.katzen.de\/magazin\/wp-json\/wp\/v2\/posts"}],"about":[{"href":"https:\/\/www.katzen.de\/magazin\/wp-json\/wp\/v2\/types\/post"}],"author":[{"embeddable":true,"href":"https:\/\/www.katzen.de\/magazin\/wp-json\/wp\/v2\/users\/1"}],"replies":[{"embeddable":true,"href":"https:\/\/www.katzen.de\/magazin\/wp-json\/wp\/v2\/comments?post=996"}],"version-history":[{"count":3,"href":"https:\/\/www.katzen.de\/magazin\/wp-json\/wp\/v2\/posts\/996\/revisions"}],"predecessor-version":[{"id":1316,"href":"https:\/\/www.katzen.de\/magazin\/wp-json\/wp\/v2\/posts\/996\/revisions\/1316"}],"wp:featuredmedia":[{"embeddable":true,"href":"https:\/\/www.katzen.de\/magazin\/wp-json\/wp\/v2\/media\/1061"}],"wp:attachment":[{"href":"https:\/\/www.katzen.de\/magazin\/wp-json\/wp\/v2\/media?parent=996"}],"wp:term":[{"taxonomy":"category","embeddable":true,"href":"https:\/\/www.katzen.de\/magazin\/wp-json\/wp\/v2\/categories?post=996"},{"taxonomy":"post_tag","embeddable":true,"href":"https:\/\/www.katzen.de\/magazin\/wp-json\/wp\/v2\/tags?post=996"}],"curies":[{"name":"wp","href":"https:\/\/api.w.org\/{rel}","templated":true}]}}